{"id":512,"date":"2016-12-27T11:40:19","date_gmt":"2016-12-27T10:40:19","guid":{"rendered":"http:\/\/blogg.saframyl.se\/?p=512"},"modified":"2025-02-19T14:22:01","modified_gmt":"2025-02-19T13:22:01","slug":"fordelar-d-vitamin","status":"publish","type":"post","link":"https:\/\/octean.se\/senaste-nytt\/fordelar-d-vitamin\/","title":{"rendered":"F\u00f6rdelar med D-Vitamin"},"content":{"rendered":"\n<p>Visste du att vi i norden inte kan bilda n\u00e5got D-vitamin alls under vinterhalv\u00e5ret? D-vitamin \u00e4r ett fettl\u00f6sligt vitamin som bildas i hunden vid solbestr\u00e5lning.<\/p>\n\n\n\n<p>H\u00e4r \u00e4r fem h\u00e4lsof\u00f6rdelar som D-vitamin bidrar till:<\/p>\n\n\n\n<p><strong>1. Skelettet<\/strong><br>D-vitamin bidrar till normalt upptag\/utnyttjande av kalcium och fosfor. Normala kalciumniv\u00e5er i blodet bidrar i sin tur till en normal benstomme och normala t\u00e4nder.<\/p>\n\n\n\n<p><strong>2. Muskler<\/strong><br>D-vitamin bidrar till att bibeh\u00e5lla en normal muskelfunktion. S\u00e5 att du kan k\u00e4nna dig r\u00f6rlig och stark, och orka lyfta saker.<\/p>\n\n\n\n<p><strong>3. Immunf\u00f6rsvaret<\/strong><br>Forskning visar att immunf\u00f6rsvaret inte kan aktiveras om kroppen har brist p\u00e5 D-vitamin. D-vitamin \u00e4r dels viktigt f\u00f6r det medf\u00f6dda immunf\u00f6rsvaret, d\u00e4r kroppen ska klara av infektioner\u2026<\/p>\n\n\n\n<figure class=\"wp-block-image\"><img decoding=\"async\" src=\"https:\/\/octean.se\/senaste-nytt\/wp-content\/uploads\/sites\/4\/2017\/03\/krav-gladje-ork.jpeg\" alt=\"ork\" \/><\/figure>\n\n\n\n<p><strong>4. Hum\u00f6r och ork<\/strong><br>\u2026men ocks\u00e5 f\u00f6r det adaptiva, som ska bidra till nervsystemets normala funktion \u2013 och minska risken f\u00f6r tr\u00f6tthet och utmattning som p\u00e5verkar aktivitet och allm\u00e4n m\u00e5-bra k\u00e4nsla.<\/p>\n\n\n\n<p><strong>5. Fertilitet<\/strong><br>D-vitamin reglerar hormonbalansen, \u00f6kar produktionen av testosteron, h\u00f6jer sexlusten och \u00e4r bra f\u00f6r fertiliteten.<\/p>\n\n\n\n<h2 class=\"wp-block-heading\">Symtom p\u00e5 D-vitaminbrist<\/h2>\n\n\n\n<p>Upplever du ett nedsatt immunf\u00f6rsvar, har d\u00e5ligt hum\u00f6r, saknar ork och energi och svaga muskler kan det vara tecken p\u00e5 D-vitaminbrist. D-vitaminbrist \u00e4r s\u00e4rskilt vanligt p\u00e5 vinterhalv\u00e5ret, n\u00e4r solen st\u00e5r l\u00e5gt, viktiga UV-str\u00e5lar filtreras bort och huden inte kan bilda n\u00e5got D-vitamin alls. D\u00e5 kan du beh\u00f6va tillf\u00f6ra vitaminet med kosten.<\/p>\n\n\n\n<figure class=\"wp-block-image size-large\"><a href=\"https:\/\/octean.se\/product\/glyc-positive-mood\/\" target=\"_blank\"><img fetchpriority=\"high\" decoding=\"async\" width=\"1024\" height=\"320\" src=\"https:\/\/octean.se\/senaste-nytt\/wp-content\/uploads\/sites\/4\/2024\/01\/GLYC-Positive-Mood_banner-1024x320.jpg\" alt=\"\" class=\"wp-image-15306\" srcset=\"https:\/\/octean.se\/senaste-nytt\/wp-content\/uploads\/sites\/4\/2024\/01\/GLYC-Positive-Mood_banner-1024x320.jpg 1024w, https:\/\/octean.se\/senaste-nytt\/wp-content\/uploads\/sites\/4\/2024\/01\/GLYC-Positive-Mood_banner-300x94.jpg 300w, https:\/\/octean.se\/senaste-nytt\/wp-content\/uploads\/sites\/4\/2024\/01\/GLYC-Positive-Mood_banner-768x240.jpg 768w, https:\/\/octean.se\/senaste-nytt\/wp-content\/uploads\/sites\/4\/2024\/01\/GLYC-Positive-Mood_banner-1536x480.jpg 1536w, https:\/\/octean.se\/senaste-nytt\/wp-content\/uploads\/sites\/4\/2024\/01\/GLYC-Positive-Mood_banner.jpg 1920w\" sizes=\"(max-width: 1024px) 100vw, 1024px\" \/><\/a><\/figure>\n\n\n\n<p>D-vitamin \u00e4r en av de viktiga \u00e4mnena i&nbsp;<a href=\"https:\/\/octean.se\/product\/glyc-positive-mood\/\" target=\"_blank\"><strong>GLYC Positive Mood<\/strong><\/a>&nbsp;och ger dig ditt dagliga behov av vitaminet. Samtliga \u00e4mnen i GLYC kan ha en betydelse f\u00f6r att bevara k\u00e4nslom\u00e4ssig balans och positiv sinnesst\u00e4mning, samt minska tr\u00f6tthet och utmattning.&nbsp;H\u00e4r&nbsp;kan du l\u00e4sa mer om GLYC!<\/p>\n","protected":false},"excerpt":{"rendered":"<p>Visste du att vi i norden inte kan bilda n\u00e5got D-vitamin alls under vinterhalv\u00e5ret? D-vitamin \u00e4r ett fettl\u00f6sligt vitamin som bildas i hunden vid solbestr\u00e5lning. H\u00e4r \u00e4r fem h\u00e4lsof\u00f6rdelar som D-vitamin bidrar till: 1. SkelettetD-vitamin bidrar till normalt upptag\/utnyttjande av kalcium och fosfor. Normala kalciumniv\u00e5er i blodet bidrar i sin tur till en normal benstomme [&hellip;]<\/p>\n","protected":false},"author":35,"featured_media":513,"comment_status":"open","ping_status":"open","sticky":false,"template":"","format":"standard","meta":{"site-sidebar-layout":"default","site-content-layout":"default","ast-site-content-layout":"default","site-content-style":"default","site-sidebar-style":"default","ast-global-header-display":"","ast-banner-title-visibility":"","ast-main-header-display":"","ast-hfb-above-header-display":"","ast-hfb-below-header-display":"","ast-hfb-mobile-header-display":"","site-post-title":"","ast-breadcrumbs-content":"","ast-featured-img":"","footer-sml-layout":"","ast-disable-related-posts":"","theme-transparent-header-meta":"default","adv-header-id-meta":"","stick-header-meta":"","header-above-stick-meta":"","header-main-stick-meta":"","header-below-stick-meta":"","astra-migrate-meta-layouts":"set","ast-page-background-enabled":"default","ast-page-background-meta":{"desktop":{"background-color":"","background-image":"","background-repeat":"repeat","background-position":"center center","background-size":"auto","background-attachment":"scroll","background-type":"","background-media":"","overlay-type":"","overlay-color":"","overlay-opacity":"","overlay-gradient":""},"tablet":{"background-color":"","background-image":"","background-repeat":"repeat","background-position":"center center","background-size":"auto","background-attachment":"scroll","background-type":"","background-media":"","overlay-type":"","overlay-color":"","overlay-opacity":"","overlay-gradient":""},"mobile":{"background-color":"","background-image":"","background-repeat":"repeat","background-position":"center center","background-size":"auto","background-attachment":"scroll","background-type":"","background-media":"","overlay-type":"","overlay-color":"","overlay-opacity":"","overlay-gradient":""}},"ast-content-background-meta":{"desktop":{"background-color":"var(--ast-global-color-5)","background-image":"","background-repeat":"repeat","background-position":"center center","background-size":"auto","background-attachment":"scroll","background-type":"","background-media":"","overlay-type":"","overlay-color":"","overlay-opacity":"","overlay-gradient":""},"tablet":{"background-color":"var(--ast-global-color-5)","background-image":"","background-repeat":"repeat","background-position":"center center","background-size":"auto","background-attachment":"scroll","background-type":"","background-media":"","overlay-type":"","overlay-color":"","overlay-opacity":"","overlay-gradient":""},"mobile":{"background-color":"var(--ast-global-color-5)","background-image":"","background-repeat":"repeat","background-position":"center center","background-size":"auto","background-attachment":"scroll","background-type":"","background-media":"","overlay-type":"","overlay-color":"","overlay-opacity":"","overlay-gradient":""}},"footnotes":""},"categories":[7],"tags":[2],"class_list":["post-512","post","type-post","status-publish","format-standard","has-post-thumbnail","hentry","category-mental-halsa","tag-halsa"],"yoast_head":"<!-- This site is optimized with the Yoast SEO plugin v27.2 - https:\/\/yoast.com\/product\/yoast-seo-wordpress\/ -->\n<title>H\u00e4lsof\u00f6rdelar med D-vitamin (och tecken p\u00e5 D-vitaminbrist)<\/title>\n<meta name=\"description\" content=\"Visste du att vi i Norden inte kan bilda n\u00e5got D-vitamin alls under vinterhalv\u00e5ret?D-vitamin \u00e4r ett fettl\u00f6sligt vitamin som bildas i huden.\" \/>\n<meta name=\"robots\" content=\"index, follow, max-snippet:-1, max-image-preview:large, max-video-preview:-1\" \/>\n<link rel=\"canonical\" href=\"https:\/\/octean.se\/senaste-nytt\/fordelar-d-vitamin\/\" \/>\n<meta property=\"og:locale\" content=\"sv_SE\" \/>\n<meta property=\"og:type\" content=\"article\" \/>\n<meta property=\"og:title\" content=\"H\u00e4lsof\u00f6rdelar med D-vitamin (och tecken p\u00e5 D-vitaminbrist)\" \/>\n<meta property=\"og:description\" content=\"Visste du att vi i Norden inte kan bilda n\u00e5got D-vitamin alls under vinterhalv\u00e5ret?D-vitamin \u00e4r ett fettl\u00f6sligt vitamin som bildas i huden.\" \/>\n<meta property=\"og:url\" content=\"https:\/\/octean.se\/senaste-nytt\/fordelar-d-vitamin\/\" \/>\n<meta property=\"og:site_name\" content=\"Blogg f\u00f6r Octean\" \/>\n<meta property=\"article:publisher\" content=\"https:\/\/www.facebook.com\/Octean\/?fref=ts\" \/>\n<meta property=\"article:published_time\" content=\"2016-12-27T10:40:19+00:00\" \/>\n<meta property=\"article:modified_time\" content=\"2025-02-19T13:22:01+00:00\" \/>\n<meta property=\"og:image\" content=\"https:\/\/octean.se\/senaste-nytt\/wp-content\/uploads\/sites\/4\/2016\/12\/d-vitamin-sol.jpg\" \/>\n\t<meta property=\"og:image:width\" content=\"1260\" \/>\n\t<meta property=\"og:image:height\" content=\"708\" \/>\n\t<meta property=\"og:image:type\" content=\"image\/jpeg\" \/>\n<meta name=\"author\" content=\"anneli\" \/>\n<meta name=\"twitter:card\" content=\"summary_large_image\" \/>\n<meta name=\"twitter:label1\" content=\"Skriven av\" \/>\n\t<meta name=\"twitter:data1\" content=\"anneli\" \/>\n\t<meta name=\"twitter:label2\" content=\"Ber\u00e4knad l\u00e4stid\" \/>\n\t<meta name=\"twitter:data2\" content=\"2 minuter\" \/>\n<script type=\"application\/ld+json\" class=\"yoast-schema-graph\">{\"@context\":\"https:\/\/schema.org\",\"@graph\":[{\"@type\":\"Article\",\"@id\":\"https:\/\/octean.se\/senaste-nytt\/fordelar-d-vitamin\/#article\",\"isPartOf\":{\"@id\":\"https:\/\/octean.se\/senaste-nytt\/fordelar-d-vitamin\/\"},\"author\":{\"name\":\"anneli\",\"@id\":\"https:\/\/octean.se\/senaste-nytt\/#\/schema\/person\/a62e08d8786c790a42df4f07f7d5d81b\"},\"headline\":\"F\u00f6rdelar med D-Vitamin\",\"datePublished\":\"2016-12-27T10:40:19+00:00\",\"dateModified\":\"2025-02-19T13:22:01+00:00\",\"mainEntityOfPage\":{\"@id\":\"https:\/\/octean.se\/senaste-nytt\/fordelar-d-vitamin\/\"},\"wordCount\":309,\"commentCount\":0,\"publisher\":{\"@id\":\"https:\/\/octean.se\/senaste-nytt\/#organization\"},\"image\":{\"@id\":\"https:\/\/octean.se\/senaste-nytt\/fordelar-d-vitamin\/#primaryimage\"},\"thumbnailUrl\":\"https:\/\/octean.se\/senaste-nytt\/wp-content\/uploads\/sites\/4\/2016\/12\/d-vitamin-sol.jpg\",\"keywords\":[\"H\u00e4lsa\"],\"articleSection\":[\"Mental h\u00e4lsa\"],\"inLanguage\":\"sv-SE\",\"potentialAction\":[{\"@type\":\"CommentAction\",\"name\":\"Comment\",\"target\":[\"https:\/\/octean.se\/senaste-nytt\/fordelar-d-vitamin\/#respond\"]}]},{\"@type\":\"WebPage\",\"@id\":\"https:\/\/octean.se\/senaste-nytt\/fordelar-d-vitamin\/\",\"url\":\"https:\/\/octean.se\/senaste-nytt\/fordelar-d-vitamin\/\",\"name\":\"H\u00e4lsof\u00f6rdelar med D-vitamin (och tecken p\u00e5 D-vitaminbrist)\",\"isPartOf\":{\"@id\":\"https:\/\/octean.se\/senaste-nytt\/#website\"},\"primaryImageOfPage\":{\"@id\":\"https:\/\/octean.se\/senaste-nytt\/fordelar-d-vitamin\/#primaryimage\"},\"image\":{\"@id\":\"https:\/\/octean.se\/senaste-nytt\/fordelar-d-vitamin\/#primaryimage\"},\"thumbnailUrl\":\"https:\/\/octean.se\/senaste-nytt\/wp-content\/uploads\/sites\/4\/2016\/12\/d-vitamin-sol.jpg\",\"datePublished\":\"2016-12-27T10:40:19+00:00\",\"dateModified\":\"2025-02-19T13:22:01+00:00\",\"description\":\"Visste du att vi i Norden inte kan bilda n\u00e5got D-vitamin alls under vinterhalv\u00e5ret?D-vitamin \u00e4r ett fettl\u00f6sligt vitamin som bildas i huden.\",\"breadcrumb\":{\"@id\":\"https:\/\/octean.se\/senaste-nytt\/fordelar-d-vitamin\/#breadcrumb\"},\"inLanguage\":\"sv-SE\",\"potentialAction\":[{\"@type\":\"ReadAction\",\"target\":[\"https:\/\/octean.se\/senaste-nytt\/fordelar-d-vitamin\/\"]}]},{\"@type\":\"ImageObject\",\"inLanguage\":\"sv-SE\",\"@id\":\"https:\/\/octean.se\/senaste-nytt\/fordelar-d-vitamin\/#primaryimage\",\"url\":\"https:\/\/octean.se\/senaste-nytt\/wp-content\/uploads\/sites\/4\/2016\/12\/d-vitamin-sol.jpg\",\"contentUrl\":\"https:\/\/octean.se\/senaste-nytt\/wp-content\/uploads\/sites\/4\/2016\/12\/d-vitamin-sol.jpg\",\"width\":1260,\"height\":708},{\"@type\":\"BreadcrumbList\",\"@id\":\"https:\/\/octean.se\/senaste-nytt\/fordelar-d-vitamin\/#breadcrumb\",\"itemListElement\":[{\"@type\":\"ListItem\",\"position\":1,\"name\":\"Hem\",\"item\":\"https:\/\/octean.se\/senaste-nytt\/\"},{\"@type\":\"ListItem\",\"position\":2,\"name\":\"F\u00f6rdelar med D-Vitamin\"}]},{\"@type\":\"WebSite\",\"@id\":\"https:\/\/octean.se\/senaste-nytt\/#website\",\"url\":\"https:\/\/octean.se\/senaste-nytt\/\",\"name\":\"Blogg f\u00f6r Octean\",\"description\":\"Tips och id\u00e9er\",\"publisher\":{\"@id\":\"https:\/\/octean.se\/senaste-nytt\/#organization\"},\"potentialAction\":[{\"@type\":\"SearchAction\",\"target\":{\"@type\":\"EntryPoint\",\"urlTemplate\":\"https:\/\/octean.se\/senaste-nytt\/?s={search_term_string}\"},\"query-input\":{\"@type\":\"PropertyValueSpecification\",\"valueRequired\":true,\"valueName\":\"search_term_string\"}}],\"inLanguage\":\"sv-SE\"},{\"@type\":\"Organization\",\"@id\":\"https:\/\/octean.se\/senaste-nytt\/#organization\",\"name\":\"Octean AB\",\"url\":\"https:\/\/octean.se\/senaste-nytt\/\",\"logo\":{\"@type\":\"ImageObject\",\"inLanguage\":\"sv-SE\",\"@id\":\"https:\/\/octean.se\/senaste-nytt\/#\/schema\/logo\/image\/\",\"url\":\"https:\/\/octean.se\/senaste-nytt\/wp-content\/uploads\/sites\/4\/2019\/04\/Octean-logo-sigill.png\",\"contentUrl\":\"https:\/\/octean.se\/senaste-nytt\/wp-content\/uploads\/sites\/4\/2019\/04\/Octean-logo-sigill.png\",\"width\":2116,\"height\":2592,\"caption\":\"Octean AB\"},\"image\":{\"@id\":\"https:\/\/octean.se\/senaste-nytt\/#\/schema\/logo\/image\/\"},\"sameAs\":[\"https:\/\/www.facebook.com\/Octean\/?fref=ts\",\"https:\/\/www.instagram.com\/octean_ab\/\"]},{\"@type\":\"Person\",\"@id\":\"https:\/\/octean.se\/senaste-nytt\/#\/schema\/person\/a62e08d8786c790a42df4f07f7d5d81b\",\"name\":\"anneli\",\"image\":{\"@type\":\"ImageObject\",\"inLanguage\":\"sv-SE\",\"@id\":\"https:\/\/secure.gravatar.com\/avatar\/0f5e0cc0b73fbf521329eb61b4c6eeab1c5bf3952ccedcee17fac7cb681c3db7?s=96&d=mm&r=g\",\"url\":\"https:\/\/secure.gravatar.com\/avatar\/0f5e0cc0b73fbf521329eb61b4c6eeab1c5bf3952ccedcee17fac7cb681c3db7?s=96&d=mm&r=g\",\"contentUrl\":\"https:\/\/secure.gravatar.com\/avatar\/0f5e0cc0b73fbf521329eb61b4c6eeab1c5bf3952ccedcee17fac7cb681c3db7?s=96&d=mm&r=g\",\"caption\":\"anneli\"},\"url\":\"https:\/\/octean.se\/senaste-nytt\/author\/anneli\/\"}]}<\/script>\n<!-- \/ Yoast SEO plugin. -->","yoast_head_json":{"title":"H\u00e4lsof\u00f6rdelar med D-vitamin (och tecken p\u00e5 D-vitaminbrist)","description":"Visste du att vi i Norden inte kan bilda n\u00e5got D-vitamin alls under vinterhalv\u00e5ret?D-vitamin \u00e4r ett fettl\u00f6sligt vitamin som bildas i huden.","robots":{"index":"index","follow":"follow","max-snippet":"max-snippet:-1","max-image-preview":"max-image-preview:large","max-video-preview":"max-video-preview:-1"},"canonical":"https:\/\/octean.se\/senaste-nytt\/fordelar-d-vitamin\/","og_locale":"sv_SE","og_type":"article","og_title":"H\u00e4lsof\u00f6rdelar med D-vitamin (och tecken p\u00e5 D-vitaminbrist)","og_description":"Visste du att vi i Norden inte kan bilda n\u00e5got D-vitamin alls under vinterhalv\u00e5ret?D-vitamin \u00e4r ett fettl\u00f6sligt vitamin som bildas i huden.","og_url":"https:\/\/octean.se\/senaste-nytt\/fordelar-d-vitamin\/","og_site_name":"Blogg f\u00f6r Octean","article_publisher":"https:\/\/www.facebook.com\/Octean\/?fref=ts","article_published_time":"2016-12-27T10:40:19+00:00","article_modified_time":"2025-02-19T13:22:01+00:00","og_image":[{"width":1260,"height":708,"url":"https:\/\/octean.se\/senaste-nytt\/wp-content\/uploads\/sites\/4\/2016\/12\/d-vitamin-sol.jpg","type":"image\/jpeg"}],"author":"anneli","twitter_card":"summary_large_image","twitter_misc":{"Skriven av":"anneli","Ber\u00e4knad l\u00e4stid":"2 minuter"},"schema":{"@context":"https:\/\/schema.org","@graph":[{"@type":"Article","@id":"https:\/\/octean.se\/senaste-nytt\/fordelar-d-vitamin\/#article","isPartOf":{"@id":"https:\/\/octean.se\/senaste-nytt\/fordelar-d-vitamin\/"},"author":{"name":"anneli","@id":"https:\/\/octean.se\/senaste-nytt\/#\/schema\/person\/a62e08d8786c790a42df4f07f7d5d81b"},"headline":"F\u00f6rdelar med D-Vitamin","datePublished":"2016-12-27T10:40:19+00:00","dateModified":"2025-02-19T13:22:01+00:00","mainEntityOfPage":{"@id":"https:\/\/octean.se\/senaste-nytt\/fordelar-d-vitamin\/"},"wordCount":309,"commentCount":0,"publisher":{"@id":"https:\/\/octean.se\/senaste-nytt\/#organization"},"image":{"@id":"https:\/\/octean.se\/senaste-nytt\/fordelar-d-vitamin\/#primaryimage"},"thumbnailUrl":"https:\/\/octean.se\/senaste-nytt\/wp-content\/uploads\/sites\/4\/2016\/12\/d-vitamin-sol.jpg","keywords":["H\u00e4lsa"],"articleSection":["Mental h\u00e4lsa"],"inLanguage":"sv-SE","potentialAction":[{"@type":"CommentAction","name":"Comment","target":["https:\/\/octean.se\/senaste-nytt\/fordelar-d-vitamin\/#respond"]}]},{"@type":"WebPage","@id":"https:\/\/octean.se\/senaste-nytt\/fordelar-d-vitamin\/","url":"https:\/\/octean.se\/senaste-nytt\/fordelar-d-vitamin\/","name":"H\u00e4lsof\u00f6rdelar med D-vitamin (och tecken p\u00e5 D-vitaminbrist)","isPartOf":{"@id":"https:\/\/octean.se\/senaste-nytt\/#website"},"primaryImageOfPage":{"@id":"https:\/\/octean.se\/senaste-nytt\/fordelar-d-vitamin\/#primaryimage"},"image":{"@id":"https:\/\/octean.se\/senaste-nytt\/fordelar-d-vitamin\/#primaryimage"},"thumbnailUrl":"https:\/\/octean.se\/senaste-nytt\/wp-content\/uploads\/sites\/4\/2016\/12\/d-vitamin-sol.jpg","datePublished":"2016-12-27T10:40:19+00:00","dateModified":"2025-02-19T13:22:01+00:00","description":"Visste du att vi i Norden inte kan bilda n\u00e5got D-vitamin alls under vinterhalv\u00e5ret?D-vitamin \u00e4r ett fettl\u00f6sligt vitamin som bildas i huden.","breadcrumb":{"@id":"https:\/\/octean.se\/senaste-nytt\/fordelar-d-vitamin\/#breadcrumb"},"inLanguage":"sv-SE","potentialAction":[{"@type":"ReadAction","target":["https:\/\/octean.se\/senaste-nytt\/fordelar-d-vitamin\/"]}]},{"@type":"ImageObject","inLanguage":"sv-SE","@id":"https:\/\/octean.se\/senaste-nytt\/fordelar-d-vitamin\/#primaryimage","url":"https:\/\/octean.se\/senaste-nytt\/wp-content\/uploads\/sites\/4\/2016\/12\/d-vitamin-sol.jpg","contentUrl":"https:\/\/octean.se\/senaste-nytt\/wp-content\/uploads\/sites\/4\/2016\/12\/d-vitamin-sol.jpg","width":1260,"height":708},{"@type":"BreadcrumbList","@id":"https:\/\/octean.se\/senaste-nytt\/fordelar-d-vitamin\/#breadcrumb","itemListElement":[{"@type":"ListItem","position":1,"name":"Hem","item":"https:\/\/octean.se\/senaste-nytt\/"},{"@type":"ListItem","position":2,"name":"F\u00f6rdelar med D-Vitamin"}]},{"@type":"WebSite","@id":"https:\/\/octean.se\/senaste-nytt\/#website","url":"https:\/\/octean.se\/senaste-nytt\/","name":"Blogg f\u00f6r Octean","description":"Tips och id\u00e9er","publisher":{"@id":"https:\/\/octean.se\/senaste-nytt\/#organization"},"potentialAction":[{"@type":"SearchAction","target":{"@type":"EntryPoint","urlTemplate":"https:\/\/octean.se\/senaste-nytt\/?s={search_term_string}"},"query-input":{"@type":"PropertyValueSpecification","valueRequired":true,"valueName":"search_term_string"}}],"inLanguage":"sv-SE"},{"@type":"Organization","@id":"https:\/\/octean.se\/senaste-nytt\/#organization","name":"Octean AB","url":"https:\/\/octean.se\/senaste-nytt\/","logo":{"@type":"ImageObject","inLanguage":"sv-SE","@id":"https:\/\/octean.se\/senaste-nytt\/#\/schema\/logo\/image\/","url":"https:\/\/octean.se\/senaste-nytt\/wp-content\/uploads\/sites\/4\/2019\/04\/Octean-logo-sigill.png","contentUrl":"https:\/\/octean.se\/senaste-nytt\/wp-content\/uploads\/sites\/4\/2019\/04\/Octean-logo-sigill.png","width":2116,"height":2592,"caption":"Octean AB"},"image":{"@id":"https:\/\/octean.se\/senaste-nytt\/#\/schema\/logo\/image\/"},"sameAs":["https:\/\/www.facebook.com\/Octean\/?fref=ts","https:\/\/www.instagram.com\/octean_ab\/"]},{"@type":"Person","@id":"https:\/\/octean.se\/senaste-nytt\/#\/schema\/person\/a62e08d8786c790a42df4f07f7d5d81b","name":"anneli","image":{"@type":"ImageObject","inLanguage":"sv-SE","@id":"https:\/\/secure.gravatar.com\/avatar\/0f5e0cc0b73fbf521329eb61b4c6eeab1c5bf3952ccedcee17fac7cb681c3db7?s=96&d=mm&r=g","url":"https:\/\/secure.gravatar.com\/avatar\/0f5e0cc0b73fbf521329eb61b4c6eeab1c5bf3952ccedcee17fac7cb681c3db7?s=96&d=mm&r=g","contentUrl":"https:\/\/secure.gravatar.com\/avatar\/0f5e0cc0b73fbf521329eb61b4c6eeab1c5bf3952ccedcee17fac7cb681c3db7?s=96&d=mm&r=g","caption":"anneli"},"url":"https:\/\/octean.se\/senaste-nytt\/author\/anneli\/"}]}},"_links":{"self":[{"href":"https:\/\/octean.se\/senaste-nytt\/wp-json\/wp\/v2\/posts\/512","targetHints":{"allow":["GET"]}}],"collection":[{"href":"https:\/\/octean.se\/senaste-nytt\/wp-json\/wp\/v2\/posts"}],"about":[{"href":"https:\/\/octean.se\/senaste-nytt\/wp-json\/wp\/v2\/types\/post"}],"author":[{"embeddable":true,"href":"https:\/\/octean.se\/senaste-nytt\/wp-json\/wp\/v2\/users\/35"}],"replies":[{"embeddable":true,"href":"https:\/\/octean.se\/senaste-nytt\/wp-json\/wp\/v2\/comments?post=512"}],"version-history":[{"count":21,"href":"https:\/\/octean.se\/senaste-nytt\/wp-json\/wp\/v2\/posts\/512\/revisions"}],"predecessor-version":[{"id":16354,"href":"https:\/\/octean.se\/senaste-nytt\/wp-json\/wp\/v2\/posts\/512\/revisions\/16354"}],"wp:featuredmedia":[{"embeddable":true,"href":"https:\/\/octean.se\/senaste-nytt\/wp-json\/wp\/v2\/media\/513"}],"wp:attachment":[{"href":"https:\/\/octean.se\/senaste-nytt\/wp-json\/wp\/v2\/media?parent=512"}],"wp:term":[{"taxonomy":"category","embeddable":true,"href":"https:\/\/octean.se\/senaste-nytt\/wp-json\/wp\/v2\/categories?post=512"},{"taxonomy":"post_tag","embeddable":true,"href":"https:\/\/octean.se\/senaste-nytt\/wp-json\/wp\/v2\/tags?post=512"}],"curies":[{"name":"wp","href":"https:\/\/api.w.org\/{rel}","templated":true}]}}