{"id":16474,"date":"2025-10-30T15:58:09","date_gmt":"2025-10-30T14:58:09","guid":{"rendered":"https:\/\/octean.se\/senaste-nytt\/?p=16474"},"modified":"2025-10-31T12:09:16","modified_gmt":"2025-10-31T11:09:16","slug":"vad-ar-pigmentflackar","status":"publish","type":"post","link":"https:\/\/octean.se\/senaste-nytt\/vad-ar-pigmentflackar\/","title":{"rendered":"Vad \u00e4r pigmentfl\u00e4ckar? Tips och r\u00e5d"},"content":{"rendered":"\t\t<div data-elementor-type=\"wp-post\" data-elementor-id=\"16474\" class=\"elementor elementor-16474\" data-elementor-post-type=\"post\">\n\t\t\t\t\t\t<section class=\"elementor-section elementor-top-section elementor-element elementor-element-34b95a3 elementor-section-boxed elementor-section-height-default elementor-section-height-default\" data-id=\"34b95a3\" data-element_type=\"section\" data-e-type=\"section\">\n\t\t\t\t\t\t<div class=\"elementor-container elementor-column-gap-default\">\n\t\t\t\t\t<div class=\"elementor-column elementor-col-100 elementor-top-column elementor-element elementor-element-1509211\" data-id=\"1509211\" data-element_type=\"column\" data-e-type=\"column\">\n\t\t\t<div class=\"elementor-widget-wrap\">\n\t\t\t\t\t\t\t<\/div>\n\t\t<\/div>\n\t\t\t\t\t<\/div>\n\t\t<\/section>\n\t\t\t\t<section class=\"elementor-section elementor-top-section elementor-element elementor-element-4f6d509 elementor-section-boxed elementor-section-height-default elementor-section-height-default\" data-id=\"4f6d509\" data-element_type=\"section\" data-e-type=\"section\">\n\t\t\t\t\t\t<div class=\"elementor-container elementor-column-gap-default\">\n\t\t\t\t\t<div class=\"elementor-column elementor-col-100 elementor-top-column elementor-element elementor-element-547dea1\" data-id=\"547dea1\" data-element_type=\"column\" data-e-type=\"column\">\n\t\t\t<div class=\"elementor-widget-wrap elementor-element-populated\">\n\t\t\t\t\t\t<div class=\"elementor-element elementor-element-fa5a50f elementor-widget elementor-widget-text-editor\" data-id=\"fa5a50f\" data-element_type=\"widget\" data-e-type=\"widget\" data-widget_type=\"text-editor.default\">\n\t\t\t\t<div class=\"elementor-widget-container\">\n\t\t\t\t\t\t\t\t\t<p data-pm-slice=\"1 1 []\">Har du m\u00e4rkt m\u00f6rka fl\u00e4ckar p\u00e5 din hud efter sommaren eller under graviditeten? Du \u00e4r inte ensam &#8211; pigmentfl\u00e4ckar \u00e4r n\u00e5got som drabbar de flesta av oss n\u00e5gon g\u00e5ng i livet.<\/p><p>Det kan k\u00e4nnas f\u00f6rvirrande att f\u00f6rst\u00e5 varf\u00f6r just din hud reagerar som den g\u00f6r. Kanske har du lagt m\u00e4rke till nya fl\u00e4ckar efter semestern eller f\u00f6r\u00e4ndrat hormonella f\u00f6rh\u00e5llanden. Det finns faktiskt flera olika orsaker till varf\u00f6r pigmentfl\u00e4ckar bildas, fr\u00e5n solens p\u00e5verkan till \u00e4rftliga faktorer.<\/p><h2>Vad \u00e4r pigmentfl\u00e4ckar?<\/h2><p>Pigmentfl\u00e4ckar \u00e4r m\u00f6rka fl\u00e4ckar p\u00e5 huden som uppst\u00e5r n\u00e4r din hud producerar f\u00f6r mycket melanin. De kan visa sig p\u00e5 olika s\u00e4tt beroende p\u00e5 typ, och skillnaden mellan f\u00f6r mycket och f\u00f6r lite pigment p\u00e5verkar hur de ser ut.<\/p><h3>Hur pigmentfl\u00e4ckar syns p\u00e5 huden<\/h3><p>Pigmentfl\u00e4ckar syns som m\u00f6rkare omr\u00e5den mot din vanliga hudton. De kan vara ljusbruna, m\u00f6rkbruna eller till och med gr\u00e5aktiga.<\/p><p>Fl\u00e4ckarna \u00e4r oftast platta och k\u00e4nns inte n\u00e4r du r\u00f6r vid dem. Du hittar dem mest p\u00e5 st\u00e4llen som f\u00e5r mycket sol. Storleken varierar mycket. Vissa \u00e4r sm\u00e5 som fr\u00e4knar. Andra kan vara st\u00f6rre \u00e4n ett mynt.<\/p><p>F\u00e4rgen p\u00e5 pigmentfl\u00e4ckar kan variera fr\u00e5n ljusbrun till m\u00f6rkbrun, men inom samma fl\u00e4ck \u00e4r f\u00e4rgen j\u00e4mn. Med tiden kan flera fl\u00e4ckar v\u00e4xa ihop till st\u00f6rre omr\u00e5den.<\/p><p>Vanliga omr\u00e5den d\u00e4r pigmentfl\u00e4ckar uppst\u00e5r:<\/p><ul><li>Ansiktet<\/li><li>H\u00e4nderna<\/li><li>Underarmarna<\/li><li>Dekolletaget<\/li><li>Axlarna<\/li><\/ul><h3>Vad skiljer olika typer av pigmenteringar \u00e5t<\/h3><p>Solfl\u00e4ckar \u00e4r den vanligaste typen av pigmentfl\u00e4ckar och beror p\u00e5 att huden f\u00e5tt f\u00f6r mycket sol under l\u00e5ng tid. De brukar b\u00f6rja synas efter 40 \u00e5rs \u00e5lder.<\/p><p>Melasma ser annorlunda ut och visar sig som st\u00f6rre, oregelbundna m\u00f6rka fl\u00e4ckar. De uppst\u00e5r ofta under graviditet eller vid anv\u00e4ndning av p-piller.<\/p><p>Fr\u00e4knar \u00e4r sm\u00e5, ljusa fl\u00e4ckar som blir tydligare p\u00e5 sommaren men bleknar igen under vintern.<\/p><h3>Skillnad p\u00e5 hyper- och hypopigmentering<\/h3><p>Hyperpigmentering betyder att huden har f\u00f6r mycket pigment, vilket g\u00f6r att m\u00f6rka fl\u00e4ckar syns tydligt mot hudtonen. Det \u00e4r ett samlingsnamn f\u00f6r alla typer av m\u00f6rkare pigmentfl\u00e4ckar och \u00e4r den vanligaste formen av pigmentf\u00f6r\u00e4ndring.<\/p><p>Hypopigmentering \u00e4r motsatsen \u2013 huden har f\u00f6r lite pigment, vilket g\u00f6r att ljusare fl\u00e4ckar uppst\u00e5r som ser blekare ut \u00e4n den vanliga hudtonen.<\/p><p>Hyperpigmentering uppst\u00e5r n\u00e4r pigmentcellerna, melanocyterna, arbetar f\u00f6r mycket, medan hypopigmentering beror p\u00e5 att de inte fungerar som de ska.<\/p><p>De flesta pigmentf\u00f6r\u00e4ndringar \u00e4r m\u00f6rka fl\u00e4ckar, allts\u00e5 hyperpigmentering. Ljusa fl\u00e4ckar \u00e4r mer ovanliga och uppst\u00e5r oftast efter hudskador eller vissa sjukdomar.<\/p>\t\t\t\t\t\t\t\t<\/div>\n\t\t\t\t<\/div>\n\t\t\t\t<div class=\"elementor-element elementor-element-57847ef elementor-widget elementor-widget-image\" data-id=\"57847ef\" data-element_type=\"widget\" data-e-type=\"widget\" data-widget_type=\"image.default\">\n\t\t\t\t<div class=\"elementor-widget-container\">\n\t\t\t\t\t\t\t\t\t\t\t\t\t\t\t<img fetchpriority=\"high\" decoding=\"async\" width=\"1000\" height=\"533\" src=\"https:\/\/octean.se\/senaste-nytt\/wp-content\/uploads\/sites\/4\/2025\/10\/kvinna-utomhus-i-solen.jpg\" class=\"attachment-large size-large wp-image-16477\" alt=\"\" srcset=\"https:\/\/octean.se\/senaste-nytt\/wp-content\/uploads\/sites\/4\/2025\/10\/kvinna-utomhus-i-solen.jpg 1000w, https:\/\/octean.se\/senaste-nytt\/wp-content\/uploads\/sites\/4\/2025\/10\/kvinna-utomhus-i-solen-300x160.jpg 300w, https:\/\/octean.se\/senaste-nytt\/wp-content\/uploads\/sites\/4\/2025\/10\/kvinna-utomhus-i-solen-768x409.jpg 768w\" sizes=\"(max-width: 1000px) 100vw, 1000px\" \/>\t\t\t\t\t\t\t\t\t\t\t\t\t\t\t<\/div>\n\t\t\t\t<\/div>\n\t\t\t\t<div class=\"elementor-element elementor-element-65a08b9 elementor-widget__width-initial elementor-widget elementor-widget-text-editor\" data-id=\"65a08b9\" data-element_type=\"widget\" data-e-type=\"widget\" data-widget_type=\"text-editor.default\">\n\t\t\t\t<div class=\"elementor-widget-container\">\n\t\t\t\t\t\t\t\t\t<h2 data-pm-slice=\"1 3 []\">Hur bildas pigmentfl\u00e4ckar?<\/h2><h3>Melanin och pigmentceller<\/h3><p>Melanin \u00e4r det \u00e4mne som ger huden sin naturliga f\u00e4rg. Pigmentfl\u00e4ckar uppst\u00e5r n\u00e4r vissa omr\u00e5den inneh\u00e5ller mer melanin \u00e4n resten av huden, vilket g\u00f6r dem m\u00f6rkare.<\/p><p>Pigmentcellerna kallas melanocyter och finns i hudens nedersta lager. De jobbar hela tiden med att producera melanin och skickar ut det till andra hudceller genom sm\u00e5 utskott.<\/p><p>Alla m\u00e4nniskor har ungef\u00e4r lika m\u00e5nga melanocyter, men skillnaden i hudf\u00e4rg beror p\u00e5 hur aktiva cellerna \u00e4r. Hos personer med m\u00f6rkare hud producerar melanocyterna mer melanin \u00e4n hos dem med ljusare hud.<\/p><h3>Processen bakom pigmentproduktion<\/h3><p>Melaninproduktionen \u00f6kar n\u00e4r melanocyterna f\u00e5r signaler om att bli mer aktiva, ofta som en reaktion p\u00e5 solens UV-str\u00e5lning.<\/p><p>Ibland producerar cellerna s\u00e5 mycket melanin att det samlas i sm\u00e5 klumpar. N\u00e4r detta n\u00e5r hudytan syns det som m\u00f6rka fl\u00e4ckar.<\/p><p>Cellf\u00f6rnyelsen p\u00e5verkar ocks\u00e5 hur l\u00e4nge fl\u00e4ckarna syns. Om det \u00f6verfl\u00f6diga melaninet inte f\u00f6rsvinner n\u00e4r huden f\u00f6rnyas, stannar fl\u00e4ckarna kvar l\u00e4ngre.<\/p><p>S\u00e5 h\u00e4r g\u00e5r processen till:<\/p><ol><li>UV-str\u00e5lning tr\u00e4ffar huden<\/li><li>Melanocyterna aktiveras<\/li><li>Melanin produceras i \u00f6verskott<\/li><li>Pigmentet samlas p\u00e5 vissa st\u00e4llen<\/li><li>Fl\u00e4ckarna blir synliga p\u00e5 huden<\/li><\/ol><h2>Vanliga orsaker till pigmentfl\u00e4ckar<\/h2><h3>Solexponering och UV-str\u00e5lning<\/h3><p>Solfl\u00e4ckar \u00e4r den vanligaste typen av pigmentfl\u00e4ckar och uppst\u00e5r n\u00e4r huden har f\u00e5tt f\u00f6r mycket sol under l\u00e5ng tid. Solens UV-str\u00e5lar stimulerar melanocyterna att producera extra mycket pigment p\u00e5 vissa omr\u00e5den, vilket g\u00f6r att fl\u00e4ckar bildas.<\/p><p>De syns oftast p\u00e5 delar av kroppen som ofta uts\u00e4tts f\u00f6r sol, som ansiktet, h\u00e4nderna, underarmarna och axlarna. D\u00e4rf\u00f6r kallas de ibland ocks\u00e5 f\u00f6r \u00e5ldersfl\u00e4ckar, eftersom de blir vanligare med tiden.<\/p><p>Solskador utvecklas l\u00e5ngsamt. Du m\u00e4rker ofta inte f\u00f6r\u00e4ndringarna direkt, men med \u00e5ren blir fl\u00e4ckarna mer synliga. Personer med ljus hud drabbas oftare \u00e4n de med m\u00f6rkare hudton.<\/p><p><strong>Vanliga omr\u00e5den som drabbas av solskador:<\/strong><\/p><ul><li>Ansiktet (panna, n\u00e4sa, kinder)<\/li><li>H\u00e4ndernas ovansida<\/li><li>Underarmar och axlar<\/li><li>Hals och dekolletage<\/li><\/ul><h3>Hormonella f\u00f6r\u00e4ndringar och melasma<\/h3><p>Hormoner kan g\u00f6ra huden extra k\u00e4nslig f\u00f6r solen och leda till att pigmentfl\u00e4ckar utvecklas. Detta kallas melasma och uppst\u00e5r ofta under graviditet eller vid anv\u00e4ndning av p-piller.<\/p><p>Melasma visar sig som oregelbundna, m\u00f6rka fl\u00e4ckar \u2013 oftast i ansiktet. F\u00e4rgen kan variera fr\u00e5n brun till gr\u00e5brun eller gr\u00f6naktig, och fl\u00e4ckarna \u00e4r ofta st\u00f6rre och mer oj\u00e4mna \u00e4n vanliga solfl\u00e4ckar. Melasma f\u00f6rv\u00e4rras av solljus, och \u00e4ven sm\u00e5 m\u00e4ngder UV-str\u00e5lning kan g\u00f6ra fl\u00e4ckarna mer framtr\u00e4dande.<\/p><p><strong>Vanliga orsaker till melasma:<\/strong><\/p><ul><li>Graviditet (ibland kallad \u201dgravidmask\u201d)<\/li><li>P-piller och andra hormonella preventivmedel<\/li><li>Hormoners\u00e4ttning under klimakteriet<\/li><li>\u00c4rftlighet i kombination med solexponering<\/li><\/ul><h3>Efter akne, \u00e4rr och inflammation<\/h3><p>N\u00e4r huden l\u00e4ker efter en skada eller inflammation kan den ibland producera f\u00f6r mycket melanin. Det kallas postinflammatorisk hyperpigmentering och \u00e4r s\u00e4rskilt vanligt efter akne.<\/p><p>Du kan f\u00e5 m\u00f6rka fl\u00e4ckar d\u00e4r finnar suttit, s\u00e4rskilt om du har kl\u00e4mt eller petat p\u00e5 dem. \u00c4ven s\u00e5r, eksem och allergiska reaktioner kan l\u00e4mna kvar m\u00f6rka m\u00e4rken.<\/p><p>F\u00e4rgen p\u00e5 fl\u00e4ckarna varierar beroende p\u00e5 hudton. P\u00e5 ljus hud blir de ofta bruna eller r\u00f6da, medan de p\u00e5 m\u00f6rkare hud kan bli mycket m\u00f6rka eller n\u00e4stan svarta. De bleknar vanligtvis med tiden, men det kan ta flera m\u00e5nader eller till och med \u00e5r.<\/p><p><strong>Detta kan \u00f6ka risken:<\/strong><\/p><ul><li>Att kl\u00e4mma eller peta p\u00e5 finnar<\/li><li>Djupa inflammationer i huden<\/li><li>M\u00f6rk hudton (mer naturlig melaninproduktion)<\/li><li>Sol under l\u00e4kningsperioden<\/li><\/ul>\t\t\t\t\t\t\t\t<\/div>\n\t\t\t\t<\/div>\n\t\t\t\t<div class=\"elementor-element elementor-element-472e86e elementor-widget elementor-widget-image\" data-id=\"472e86e\" data-element_type=\"widget\" data-e-type=\"widget\" data-widget_type=\"image.default\">\n\t\t\t\t<div class=\"elementor-widget-container\">\n\t\t\t\t\t\t\t\t\t\t\t\t\t\t\t<img decoding=\"async\" width=\"1000\" height=\"533\" src=\"https:\/\/octean.se\/senaste-nytt\/wp-content\/uploads\/sites\/4\/2025\/10\/kvinna-vid-stranden.jpg\" class=\"attachment-large size-large wp-image-16478\" alt=\"\" srcset=\"https:\/\/octean.se\/senaste-nytt\/wp-content\/uploads\/sites\/4\/2025\/10\/kvinna-vid-stranden.jpg 1000w, https:\/\/octean.se\/senaste-nytt\/wp-content\/uploads\/sites\/4\/2025\/10\/kvinna-vid-stranden-300x160.jpg 300w, https:\/\/octean.se\/senaste-nytt\/wp-content\/uploads\/sites\/4\/2025\/10\/kvinna-vid-stranden-768x409.jpg 768w\" sizes=\"(max-width: 1000px) 100vw, 1000px\" \/>\t\t\t\t\t\t\t\t\t\t\t\t\t\t\t<\/div>\n\t\t\t\t<\/div>\n\t\t\t\t<div class=\"elementor-element elementor-element-2a3d1e1 elementor-widget elementor-widget-text-editor\" data-id=\"2a3d1e1\" data-element_type=\"widget\" data-e-type=\"widget\" data-widget_type=\"text-editor.default\">\n\t\t\t\t<div class=\"elementor-widget-container\">\n\t\t\t\t\t\t\t\t\t<h2 data-pm-slice=\"1 1 []\">Faktorer som p\u00e5verkar risken f\u00f6r pigmentfl\u00e4ckar<\/h2><h3>Hudtyp och hudton avg\u00f6r k\u00e4nsligheten<\/h3><p>Din hudtyp och hudton p\u00e5verkar hur k\u00e4nslig du \u00e4r f\u00f6r pigmentfl\u00e4ckar. Ljus hud \u00e4r mer utsatt f\u00f6r solskador och f\u00e5r l\u00e4ttare fl\u00e4ckar \u00e4n m\u00f6rkare hudtoner.<\/p><p>Melanin fungerar som hudens eget solskydd. Personer med ljus hud producerar mindre melanin, vilket g\u00f6r dem mer k\u00e4nsliga f\u00f6r solen och mer ben\u00e4gna att f\u00e5 solfl\u00e4ckar. Men \u00e4ven m\u00f6rkare hudtyper kan drabbas \u2013 alla kan f\u00e5 oj\u00e4mn melaninproduktion.<\/p><p><strong>S\u00e5 h\u00e4r skiljer sig k\u00e4nsligheten mellan olika hudtyper:<\/strong><\/p><ul><li><strong>Typ I\u2013II (mycket ljus):<\/strong> H\u00f6g risk f\u00f6r pigmentfl\u00e4ckar och solskador<\/li><li><strong>Typ III\u2013IV (mellan):<\/strong> M\u00e5ttlig risk, men fl\u00e4ckar kan uppst\u00e5 vid mycket sol<\/li><li><strong>Typ V\u2013VI (m\u00f6rk):<\/strong> L\u00e4gre risk, men oj\u00e4mn pigmentering kan \u00e4nd\u00e5 f\u00f6rekomma<\/li><\/ul><h3>Gener, \u00e5lder och livsstil<\/h3><p>Dina gener har stor betydelse f\u00f6r hur l\u00e4tt du f\u00e5r pigmentfl\u00e4ckar. Om f\u00f6r\u00e4ldrar eller syskon har m\u00e5nga fl\u00e4ckar \u00e4r risken st\u00f6rre att du ocks\u00e5 utvecklar dem.<\/p><p>\u00c5ldern spelar ocks\u00e5 in. Med tiden samlas solskador i huden och kroppens f\u00f6rm\u00e5ga att reparera sig minskar. Pigmentcellerna b\u00f6rjar d\u00e5 arbeta oj\u00e4mnt, vilket leder till fl\u00e4ckar.<\/p><p>Hormonf\u00f6r\u00e4ndringar g\u00f6r huden extra k\u00e4nslig f\u00f6r sol, s\u00e4rskilt under graviditet, vilket \u00f6kar risken f\u00f6r pigmentfl\u00e4ckar.<\/p><p><strong>Faktorer som \u00f6kar risken:<\/strong><\/p><ul><li>Mycket sol utan skydd<\/li><li>Solarium<\/li><li>Hormonf\u00f6r\u00e4ndringar (graviditet, p-piller)<\/li><li>R\u00f6kning, som f\u00f6rs\u00e4mrar hudens h\u00e4lsa<\/li><\/ul><h3>V\u00e4rme och yttre p\u00e5frestningar<\/h3><p>V\u00e4rme och andra yttre faktorer kan b\u00e5de utl\u00f6sa och f\u00f6rv\u00e4rra pigmentfl\u00e4ckar. N\u00e4r huden uts\u00e4tts f\u00f6r stress reagerar den ofta genom att producera mer melanin \u2013 ibland oj\u00e4mnt.<\/p><p>Solens UV-str\u00e5lning \u00e4r den vanligaste orsaken, men \u00e4ven v\u00e4rme fr\u00e5n bastu, varma bad eller heta arbetsmilj\u00f6er kan p\u00e5verka pigmentproduktionen.<\/p><p>Pigmentfl\u00e4ckar uppst\u00e5r n\u00e4r hudens \u201df\u00e4rgfabrik\u201d arbetar oj\u00e4mnt. Inflammationer i huden kan ocks\u00e5 trigga en \u00f6verproduktion av melanin p\u00e5 vissa omr\u00e5den.<\/p><p>Hud som redan \u00e4r irriterad eller skadad \u00e4r extra k\u00e4nslig. Stress fr\u00e5n eksem, s\u00e5r eller andra hudproblem kan d\u00e4rf\u00f6r ge best\u00e5ende missf\u00e4rgningar, s\u00e5 det \u00e4r viktigt att skydda huden.<\/p><p><strong>Yttre faktorer som \u00f6kar risken:<\/strong><\/p><ul><li>UV-str\u00e5lning fr\u00e5n sol och solarium<\/li><li>V\u00e4rme fr\u00e5n olika k\u00e4llor<\/li><li>Hudinflammationer och skador<\/li><li>Parfymer och kosmetika i kombination med sol<\/li><\/ul><h2>S\u00e5 h\u00e4r f\u00f6rebygger du pigmentfl\u00e4ckar<\/h2><h3>Vikten av solskydd och SPF<\/h3><p>Solskydd \u00e4r det viktigaste s\u00e4ttet att f\u00f6rebygga pigmentfl\u00e4ckar och melasma. Anv\u00e4nd solskydd varje dag \u2013 \u00e4ven n\u00e4r det \u00e4r molnigt.<\/p><p><strong>V\u00e4lj r\u00e4tt SPF:<\/strong><\/p><ul><li>SPF 30 eller h\u00f6gre till vardags<\/li><li>SPF 50+ vid l\u00e4ngre tid utomhus<\/li><li>V\u00e4lj alltid ett bredspektrumskydd mot b\u00e5de UVA- och UVB-str\u00e5lar<\/li><\/ul><p>Applicera solskyddet cirka 20 minuter innan du g\u00e5r ut. Anv\u00e4nd ungef\u00e4r en tesked f\u00f6r ansikte och hals, och fyll p\u00e5 var tredje timme om du vistas ute.<\/p><p><strong>Extra skydd:<\/strong><\/p><ul><li>B\u00e4r hatt med brett br\u00e4tte<\/li><li>H\u00e5ll dig i skuggan mellan kl. 11\u201315<\/li><li>Anv\u00e4nd solglas\u00f6gon f\u00f6r att skydda huden runt \u00f6gonen<\/li><\/ul><h3>Dagliga hudv\u00e5rdsrutiner<\/h3><p>En genomt\u00e4nkt hudv\u00e5rdsrutin kan b\u00e5de f\u00f6rebygga och minska synliga pigmentfl\u00e4ckar. V\u00e4lj produkter som passar just din hudtyp och dina behov.<\/p><p><strong>Morgonrutin:<\/strong><\/p><ul><li>Reng\u00f6r huden med en mild reng\u00f6ring<\/li><li>Anv\u00e4nd ett serum med antioxidanter, g\u00e4rna C-vitamin<\/li><li>Applicera en fuktgivande kr\u00e4m<\/li><li>Avsluta alltid med solskydd<\/li><\/ul><p><strong>Kv\u00e4llsrutin:<\/strong><\/p><ul><li>Reng\u00f6r huden noggrant, g\u00e4rna med dubbelreng\u00f6ring f\u00f6r att f\u00e5 bort smuts och solskydd<\/li><li>Anv\u00e4nd produkter med aktiva ingredienser som retinol eller AHA-syra<\/li><li>Avsluta med en v\u00e5rdande nattkr\u00e4m<\/li><\/ul><p>Aktiva \u00e4mnen som C-vitamin, niacinamid och milda syror hj\u00e4lper huden att f\u00f6rnya sig och j\u00e4mna ut hudtonen. B\u00f6rja f\u00f6rsiktigt och \u00f6ka anv\u00e4ndningen gradvis f\u00f6r att undvika irritation.<\/p><p>Var konsekvent \u2013 det tar vanligtvis 6\u201312 veckor av regelbunden hudv\u00e5rd innan du ser tydliga resultat.<\/p><h3>Att t\u00e4nka p\u00e5 vid hormonella f\u00f6r\u00e4ndringar<\/h3><p>Hormonf\u00f6r\u00e4ndringar kan g\u00f6ra huden extra k\u00e4nslig f\u00f6r pigmentfl\u00e4ckar. Melasma uppst\u00e5r s\u00e4rskilt ofta vid solning i samband med graviditet eller anv\u00e4ndning av hormonella preventivmedel.<\/p><p><strong>Under graviditet:<\/strong><\/p><ul><li>Var noga med att anv\u00e4nda solskydd varje dag<\/li><li>Undvik stark sol s\u00e5 l\u00e5ngt det g\u00e5r<\/li><li>V\u00e4lj milda hudv\u00e5rdsprodukter utan starka aktiva \u00e4mnen<\/li><li>Anv\u00e4nd g\u00e4rna fysiskt solskydd med zinkoxid eller titaniumdioxid<\/li><\/ul><p><strong>Vid anv\u00e4ndning av p-piller:<\/strong><\/p><ul><li>Prata med din l\u00e4kare om du f\u00e5r m\u00e5nga pigmentfl\u00e4ckar<\/li><li>\u00d6verv\u00e4g att byta preventivmedel om problemen \u00e4r uttalade<\/li><li>Forts\u00e4tt vara noggrann med solskyddet<\/li><\/ul><p><strong>Allm\u00e4nna tips:<\/strong><\/p><ul><li>Undvik parfymerade produkter som kan g\u00f6ra huden k\u00e4nsligare<\/li><li>Var f\u00f6rsiktig med produkter som g\u00f6r huden mer ljusk\u00e4nslig<\/li><li>Kontakta hudl\u00e4kare om du m\u00e4rker stora f\u00f6r\u00e4ndringar i huden<\/li><\/ul><p>T\u00e4nk p\u00e5 att melasma ibland minskar eller f\u00f6rsvinner av sig sj\u00e4lv efter graviditeten.<\/p><h2>N\u00e4r b\u00f6r du s\u00f6ka professionell hj\u00e4lp?<\/h2><p>De flesta pigmentfl\u00e4ckar \u00e4r helt ofarliga och beh\u00f6ver ingen behandling. Men ibland kan det vara klokt att l\u00e5ta en l\u00e4kare unders\u00f6ka dem.<\/p><p>S\u00f6k v\u00e5rd om n\u00e5got av f\u00f6ljande st\u00e4mmer:<\/p><ul><li>Du \u00e4r os\u00e4ker p\u00e5 om det verkligen \u00e4r en pigmentfl\u00e4ck<\/li><li>Fl\u00e4cken b\u00f6rjar bl\u00f6da, f\u00f6r\u00e4ndras eller blir infekterad<\/li><li>Den v\u00e4xer, blir upph\u00f6jd eller \u00e4ndrar form<\/li><li>F\u00e4rgen blir oj\u00e4mn eller f\u00f6r\u00e4ndras snabbt<\/li><\/ul><p>Vissa pigmentfl\u00e4ckar kan i s\u00e4llsynta fall utvecklas till hudcancer. Kontakta d\u00e4rf\u00f6r v\u00e5rden om du k\u00e4nner dig orolig \u2013 det \u00e4r alltid b\u00e4ttre att kolla en g\u00e5ng f\u00f6r mycket \u00e4n en g\u00e5ng f\u00f6r lite.<\/p><p>Du f\u00e5r oftast hj\u00e4lp snabbt, och m\u00e5nga mottagningar erbjuder snabba kontroller av f\u00f6delsem\u00e4rken och pigmentfl\u00e4ckar.<\/p>\t\t\t\t\t\t\t\t<\/div>\n\t\t\t\t<\/div>\n\t\t\t\t\t<\/div>\n\t\t<\/div>\n\t\t\t\t\t<\/div>\n\t\t<\/section>\n\t\t\t\t<section class=\"elementor-section elementor-top-section elementor-element elementor-element-686f0f4 elementor-section-boxed elementor-section-height-default elementor-section-height-default\" data-id=\"686f0f4\" data-element_type=\"section\" data-e-type=\"section\">\n\t\t\t\t\t\t<div class=\"elementor-container elementor-column-gap-default\">\n\t\t\t\t\t<div class=\"elementor-column elementor-col-100 elementor-top-column elementor-element elementor-element-fbf7ac6\" data-id=\"fbf7ac6\" data-element_type=\"column\" data-e-type=\"column\">\n\t\t\t<div class=\"elementor-widget-wrap elementor-element-populated\">\n\t\t\t\t\t\t<div class=\"elementor-element elementor-element-624cc4f elementor-widget elementor-widget-image\" data-id=\"624cc4f\" data-element_type=\"widget\" data-e-type=\"widget\" data-widget_type=\"image.default\">\n\t\t\t\t<div class=\"elementor-widget-container\">\n\t\t\t\t\t\t\t\t\t\t\t\t\t\t\t<img decoding=\"async\" width=\"1000\" height=\"533\" src=\"https:\/\/octean.se\/senaste-nytt\/wp-content\/uploads\/sites\/4\/2025\/01\/kvinna-gar-vid-stranden.jpg\" class=\"attachment-large size-large wp-image-16202\" alt=\"\" srcset=\"https:\/\/octean.se\/senaste-nytt\/wp-content\/uploads\/sites\/4\/2025\/01\/kvinna-gar-vid-stranden.jpg 1000w, https:\/\/octean.se\/senaste-nytt\/wp-content\/uploads\/sites\/4\/2025\/01\/kvinna-gar-vid-stranden-300x160.jpg 300w, https:\/\/octean.se\/senaste-nytt\/wp-content\/uploads\/sites\/4\/2025\/01\/kvinna-gar-vid-stranden-768x409.jpg 768w\" sizes=\"(max-width: 1000px) 100vw, 1000px\" \/>\t\t\t\t\t\t\t\t\t\t\t\t\t\t\t<\/div>\n\t\t\t\t<\/div>\n\t\t\t\t\t<\/div>\n\t\t<\/div>\n\t\t\t\t\t<\/div>\n\t\t<\/section>\n\t\t\t\t<section class=\"elementor-section elementor-top-section elementor-element elementor-element-c630609 elementor-section-boxed elementor-section-height-default elementor-section-height-default\" data-id=\"c630609\" data-element_type=\"section\" data-e-type=\"section\">\n\t\t\t\t\t\t<div class=\"elementor-container elementor-column-gap-default\">\n\t\t\t\t\t<div class=\"elementor-column elementor-col-100 elementor-top-column elementor-element elementor-element-3c61dcc\" data-id=\"3c61dcc\" data-element_type=\"column\" data-e-type=\"column\">\n\t\t\t<div class=\"elementor-widget-wrap elementor-element-populated\">\n\t\t\t\t\t\t<div class=\"elementor-element elementor-element-734c101 elementor-widget elementor-widget-text-editor\" data-id=\"734c101\" data-element_type=\"widget\" data-e-type=\"widget\" data-widget_type=\"text-editor.default\">\n\t\t\t\t<div class=\"elementor-widget-container\">\n\t\t\t\t\t\t\t\t\t<h2 data-pm-slice=\"1 1 []\">Vanliga fr\u00e5gor och svar<\/h2><h3>Hur kan jag k\u00e4nna igen pigmentfl\u00e4ckar i ansiktet?<\/h3><p>Pigmentfl\u00e4ckar i ansiktet visar sig som m\u00f6rkare omr\u00e5den d\u00e4r huden inneh\u00e5ller mer pigment \u00e4n omgivningen. De \u00e4r oftast bruna eller gr\u00e5 och har en j\u00e4mn f\u00e4rgton.<\/p><p>Solfl\u00e4ckar \u00e4r platta, ovala och kan variera i f\u00e4rg fr\u00e5n ljusbrun till m\u00f6rkbrun. Melasma d\u00e4remot ger oregelbundna, m\u00f6rkare fl\u00e4ckar som kan vara bruna, gr\u00e5bruna eller ibland gr\u00f6naktiga.<\/p><p>B\u00e5da typerna uppst\u00e5r fr\u00e4mst p\u00e5 hud som ofta exponeras f\u00f6r sol \u2013 som ansiktet, h\u00e4nderna och halsen.<\/p><h3>\u00c4r pigmentfl\u00e4ckar ett tecken p\u00e5 hudcancer?<\/h3><p>De flesta pigmentfl\u00e4ckar \u00e4r helt ofarliga och beh\u00f6ver ingen behandling. \u00c4ven om vissa f\u00f6r\u00e4ndringar kan vara tecken p\u00e5 hudcancer, \u00e4r det ovanligt. S\u00f6k v\u00e5rd om en fl\u00e4ck b\u00f6rjar bl\u00f6da, f\u00f6r\u00e4ndras i utseende eller blir upph\u00f6jd \u00f6ver huden.<\/p><p>Vanliga pigmentfl\u00e4ckar som solfl\u00e4ckar och melasma \u00e4r godartade och p\u00e5verkar inte h\u00e4lsan. Om du \u00e4r os\u00e4ker p\u00e5 vilken typ av fl\u00e4ck du har, l\u00e5t en l\u00e4kare unders\u00f6ka den f\u00f6r att vara p\u00e5 den s\u00e4kra sidan.<\/p><h3>Finns det s\u00e4kra s\u00e4tt att ta bort pigmentfl\u00e4ckar hemma?<\/h3><p>Det g\u00e5r inte att ta bort pigmentfl\u00e4ckar p\u00e5 ett s\u00e4kert s\u00e4tt hemma. Om du vill ta bort dem av kosmetiska sk\u00e4l kan det g\u00f6ras inom den privata v\u00e5rden.<\/p><p>En hudl\u00e4kare beh\u00f6ver f\u00f6rst unders\u00f6ka fl\u00e4ckarna och bekr\u00e4fta att de \u00e4r ofarliga innan n\u00e5gon behandling p\u00e5b\u00f6rjas.<\/p><p>F\u00f6r att f\u00f6rebygga nya fl\u00e4ckar b\u00f6r du skydda huden mot solen \u2013 anv\u00e4nd h\u00f6g solskyddsfaktor och t\u00e4ck huden n\u00e4r solen \u00e4r stark.<\/p><h3>Vilka hudsjukdomar kan orsaka pigmentfl\u00e4ckar?<\/h3><p>Pigmentfl\u00e4ckar kan ha flera orsaker men uppst\u00e5r alltid n\u00e4r huden producerar f\u00f6r mycket melanin. Den vanligaste orsaken \u00e4r l\u00e5ngvarig solexponering. Solens UV-str\u00e5lar p\u00e5verkar pigmentcellerna och f\u00e5r dem att bilda mer melanin.<\/p><p>Hormonf\u00f6r\u00e4ndringar, till exempel under graviditet eller vid anv\u00e4ndning av p-piller, kan ocks\u00e5 leda till pigmentfl\u00e4ckar. \u00c4ven hudinflammationer kan l\u00e4mna m\u00f6rka m\u00e4rken efter sig, och med \u00e5ldern blir s\u00e5dana fl\u00e4ckar vanligare.<\/p><h3>Vad betyder det n\u00e4r jag f\u00e5r vita fl\u00e4ckar p\u00e5 huden?<\/h3><p>Vita pigmentfl\u00e4ckar, d\u00e4r huden saknar f\u00e4rg, kallas vitiligo. Det \u00e4r en ofarlig hudsjukdom som p\u00e5verkar utseendet men inte h\u00e4lsan. Fl\u00e4ckarna uppst\u00e5r n\u00e4r huden f\u00f6rlorar sin f\u00f6rm\u00e5ga att producera melanin \u2013 f\u00e4rg\u00e4mnet som ger huden sin ton \u2013 eftersom pigmentcellerna slutar fungera p\u00e5 vissa omr\u00e5den.<\/p><p>Vitiligo \u00e4r inte smittsamt och inte farligt, men det kan p\u00e5verka hur man k\u00e4nner inf\u00f6r sitt utseende. Det finns behandlingar som i vissa fall kan hj\u00e4lpa huden att \u00e5terf\u00e5 en del av sin naturliga f\u00e4rg.<\/p>\t\t\t\t\t\t\t\t<\/div>\n\t\t\t\t<\/div>\n\t\t\t\t\t<\/div>\n\t\t<\/div>\n\t\t\t\t\t<\/div>\n\t\t<\/section>\n\t\t\t\t<\/div>\n\t\t","protected":false},"excerpt":{"rendered":"<p>Har du m\u00e4rkt m\u00f6rka fl\u00e4ckar p\u00e5 din hud efter sommaren eller under graviditeten? Du \u00e4r inte ensam &#8211; pigmentfl\u00e4ckar \u00e4r n\u00e5got som drabbar de flesta av oss n\u00e5gon g\u00e5ng i livet. Det kan k\u00e4nnas f\u00f6rvirrande att f\u00f6rst\u00e5 varf\u00f6r just din hud reagerar som den g\u00f6r. Kanske har du lagt m\u00e4rke till nya fl\u00e4ckar efter semestern [&hellip;]<\/p>\n","protected":false},"author":162,"featured_media":16476,"comment_status":"open","ping_status":"open","sticky":false,"template":"","format":"standard","meta":{"site-sidebar-layout":"default","site-content-layout":"","ast-site-content-layout":"default","site-content-style":"default","site-sidebar-style":"default","ast-global-header-display":"","ast-banner-title-visibility":"","ast-main-header-display":"","ast-hfb-above-header-display":"","ast-hfb-below-header-display":"","ast-hfb-mobile-header-display":"","site-post-title":"","ast-breadcrumbs-content":"","ast-featured-img":"","footer-sml-layout":"","ast-disable-related-posts":"","theme-transparent-header-meta":"","adv-header-id-meta":"","stick-header-meta":"","header-above-stick-meta":"","header-main-stick-meta":"","header-below-stick-meta":"","astra-migrate-meta-layouts":"set","ast-page-background-enabled":"default","ast-page-background-meta":{"desktop":{"background-color":"","background-image":"","background-repeat":"repeat","background-position":"center center","background-size":"auto","background-attachment":"scroll","background-type":"","background-media":"","overlay-type":"","overlay-color":"","overlay-opacity":"","overlay-gradient":""},"tablet":{"background-color":"","background-image":"","background-repeat":"repeat","background-position":"center center","background-size":"auto","background-attachment":"scroll","background-type":"","background-media":"","overlay-type":"","overlay-color":"","overlay-opacity":"","overlay-gradient":""},"mobile":{"background-color":"","background-image":"","background-repeat":"repeat","background-position":"center center","background-size":"auto","background-attachment":"scroll","background-type":"","background-media":"","overlay-type":"","overlay-color":"","overlay-opacity":"","overlay-gradient":""}},"ast-content-background-meta":{"desktop":{"background-color":"var(--ast-global-color-5)","background-image":"","background-repeat":"repeat","background-position":"center center","background-size":"auto","background-attachment":"scroll","background-type":"","background-media":"","overlay-type":"","overlay-color":"","overlay-opacity":"","overlay-gradient":""},"tablet":{"background-color":"var(--ast-global-color-5)","background-image":"","background-repeat":"repeat","background-position":"center center","background-size":"auto","background-attachment":"scroll","background-type":"","background-media":"","overlay-type":"","overlay-color":"","overlay-opacity":"","overlay-gradient":""},"mobile":{"background-color":"var(--ast-global-color-5)","background-image":"","background-repeat":"repeat","background-position":"center center","background-size":"auto","background-attachment":"scroll","background-type":"","background-media":"","overlay-type":"","overlay-color":"","overlay-opacity":"","overlay-gradient":""}},"footnotes":""},"categories":[1,176],"tags":[],"class_list":["post-16474","post","type-post","status-publish","format-standard","has-post-thumbnail","hentry","category-blogg","category-hudvard"],"yoast_head":"<!-- This site is optimized with the Yoast SEO plugin v27.2 - https:\/\/yoast.com\/product\/yoast-seo-wordpress\/ -->\n<title>Vad \u00e4r pigmentfl\u00e4ckar? Tips och r\u00e5d &#183; Octean<\/title>\n<meta name=\"description\" content=\"Pigmentfl\u00e4ckar \u00e4r m\u00f6rkare partier i huden som oftast uppst\u00e5r av sol, hormoner eller hudens naturliga \u00e5ldrande. H\u00e4r f\u00e5r du veta varf\u00f6r de uppst\u00e5r och vad du kan g\u00f6ra f\u00f6r att f\u00f6rebygga eller j\u00e4mna ut dem.\" \/>\n<meta name=\"robots\" content=\"index, follow, max-snippet:-1, max-image-preview:large, max-video-preview:-1\" \/>\n<link rel=\"canonical\" href=\"https:\/\/octean.se\/senaste-nytt\/vad-ar-pigmentflackar\/\" \/>\n<meta property=\"og:locale\" content=\"sv_SE\" \/>\n<meta property=\"og:type\" content=\"article\" \/>\n<meta property=\"og:title\" content=\"Vad \u00e4r pigmentfl\u00e4ckar? Tips och r\u00e5d &#183; Octean\" \/>\n<meta property=\"og:description\" content=\"Pigmentfl\u00e4ckar \u00e4r m\u00f6rkare partier i huden som oftast uppst\u00e5r av sol, hormoner eller hudens naturliga \u00e5ldrande. H\u00e4r f\u00e5r du veta varf\u00f6r de uppst\u00e5r och vad du kan g\u00f6ra f\u00f6r att f\u00f6rebygga eller j\u00e4mna ut dem.\" \/>\n<meta property=\"og:url\" content=\"https:\/\/octean.se\/senaste-nytt\/vad-ar-pigmentflackar\/\" \/>\n<meta property=\"og:site_name\" content=\"Blogg f\u00f6r Octean\" \/>\n<meta property=\"article:publisher\" content=\"https:\/\/www.facebook.com\/Octean\/?fref=ts\" \/>\n<meta property=\"article:published_time\" content=\"2025-10-30T14:58:09+00:00\" \/>\n<meta property=\"article:modified_time\" content=\"2025-10-31T11:09:16+00:00\" \/>\n<meta property=\"og:image\" content=\"https:\/\/octean.se\/senaste-nytt\/wp-content\/uploads\/sites\/4\/2025\/10\/kvinna-glad-i-naturen.jpg\" \/>\n\t<meta property=\"og:image:width\" content=\"1000\" \/>\n\t<meta property=\"og:image:height\" content=\"533\" \/>\n\t<meta property=\"og:image:type\" content=\"image\/jpeg\" \/>\n<meta name=\"author\" content=\"olof\" \/>\n<meta name=\"twitter:card\" content=\"summary_large_image\" \/>\n<meta name=\"twitter:label1\" content=\"Skriven av\" \/>\n\t<meta name=\"twitter:data1\" content=\"olof\" \/>\n\t<meta name=\"twitter:label2\" content=\"Ber\u00e4knad l\u00e4stid\" \/>\n\t<meta name=\"twitter:data2\" content=\"11 minuter\" \/>\n<script type=\"application\/ld+json\" class=\"yoast-schema-graph\">{\"@context\":\"https:\/\/schema.org\",\"@graph\":[{\"@type\":\"Article\",\"@id\":\"https:\/\/octean.se\/senaste-nytt\/vad-ar-pigmentflackar\/#article\",\"isPartOf\":{\"@id\":\"https:\/\/octean.se\/senaste-nytt\/vad-ar-pigmentflackar\/\"},\"author\":{\"name\":\"olof\",\"@id\":\"https:\/\/octean.se\/senaste-nytt\/#\/schema\/person\/e0509ac2b2bfc08ed70805eaaf673203\"},\"headline\":\"Vad \u00e4r pigmentfl\u00e4ckar? Tips och r\u00e5d\",\"datePublished\":\"2025-10-30T14:58:09+00:00\",\"dateModified\":\"2025-10-31T11:09:16+00:00\",\"mainEntityOfPage\":{\"@id\":\"https:\/\/octean.se\/senaste-nytt\/vad-ar-pigmentflackar\/\"},\"wordCount\":2632,\"commentCount\":0,\"publisher\":{\"@id\":\"https:\/\/octean.se\/senaste-nytt\/#organization\"},\"image\":{\"@id\":\"https:\/\/octean.se\/senaste-nytt\/vad-ar-pigmentflackar\/#primaryimage\"},\"thumbnailUrl\":\"https:\/\/octean.se\/senaste-nytt\/wp-content\/uploads\/sites\/4\/2025\/10\/kvinna-glad-i-naturen.jpg\",\"articleSection\":[\"Blogg\",\"Hudv\u00e5rd\"],\"inLanguage\":\"sv-SE\",\"potentialAction\":[{\"@type\":\"CommentAction\",\"name\":\"Comment\",\"target\":[\"https:\/\/octean.se\/senaste-nytt\/vad-ar-pigmentflackar\/#respond\"]}]},{\"@type\":\"WebPage\",\"@id\":\"https:\/\/octean.se\/senaste-nytt\/vad-ar-pigmentflackar\/\",\"url\":\"https:\/\/octean.se\/senaste-nytt\/vad-ar-pigmentflackar\/\",\"name\":\"Vad \u00e4r pigmentfl\u00e4ckar? Tips och r\u00e5d &#183; Octean\",\"isPartOf\":{\"@id\":\"https:\/\/octean.se\/senaste-nytt\/#website\"},\"primaryImageOfPage\":{\"@id\":\"https:\/\/octean.se\/senaste-nytt\/vad-ar-pigmentflackar\/#primaryimage\"},\"image\":{\"@id\":\"https:\/\/octean.se\/senaste-nytt\/vad-ar-pigmentflackar\/#primaryimage\"},\"thumbnailUrl\":\"https:\/\/octean.se\/senaste-nytt\/wp-content\/uploads\/sites\/4\/2025\/10\/kvinna-glad-i-naturen.jpg\",\"datePublished\":\"2025-10-30T14:58:09+00:00\",\"dateModified\":\"2025-10-31T11:09:16+00:00\",\"description\":\"Pigmentfl\u00e4ckar \u00e4r m\u00f6rkare partier i huden som oftast uppst\u00e5r av sol, hormoner eller hudens naturliga \u00e5ldrande. H\u00e4r f\u00e5r du veta varf\u00f6r de uppst\u00e5r och vad du kan g\u00f6ra f\u00f6r att f\u00f6rebygga eller j\u00e4mna ut dem.\",\"breadcrumb\":{\"@id\":\"https:\/\/octean.se\/senaste-nytt\/vad-ar-pigmentflackar\/#breadcrumb\"},\"inLanguage\":\"sv-SE\",\"potentialAction\":[{\"@type\":\"ReadAction\",\"target\":[\"https:\/\/octean.se\/senaste-nytt\/vad-ar-pigmentflackar\/\"]}]},{\"@type\":\"ImageObject\",\"inLanguage\":\"sv-SE\",\"@id\":\"https:\/\/octean.se\/senaste-nytt\/vad-ar-pigmentflackar\/#primaryimage\",\"url\":\"https:\/\/octean.se\/senaste-nytt\/wp-content\/uploads\/sites\/4\/2025\/10\/kvinna-glad-i-naturen.jpg\",\"contentUrl\":\"https:\/\/octean.se\/senaste-nytt\/wp-content\/uploads\/sites\/4\/2025\/10\/kvinna-glad-i-naturen.jpg\",\"width\":1000,\"height\":533},{\"@type\":\"BreadcrumbList\",\"@id\":\"https:\/\/octean.se\/senaste-nytt\/vad-ar-pigmentflackar\/#breadcrumb\",\"itemListElement\":[{\"@type\":\"ListItem\",\"position\":1,\"name\":\"Hem\",\"item\":\"https:\/\/octean.se\/senaste-nytt\/\"},{\"@type\":\"ListItem\",\"position\":2,\"name\":\"Vad \u00e4r pigmentfl\u00e4ckar? Tips och r\u00e5d\"}]},{\"@type\":\"WebSite\",\"@id\":\"https:\/\/octean.se\/senaste-nytt\/#website\",\"url\":\"https:\/\/octean.se\/senaste-nytt\/\",\"name\":\"Blogg f\u00f6r Octean\",\"description\":\"Tips och id\u00e9er\",\"publisher\":{\"@id\":\"https:\/\/octean.se\/senaste-nytt\/#organization\"},\"potentialAction\":[{\"@type\":\"SearchAction\",\"target\":{\"@type\":\"EntryPoint\",\"urlTemplate\":\"https:\/\/octean.se\/senaste-nytt\/?s={search_term_string}\"},\"query-input\":{\"@type\":\"PropertyValueSpecification\",\"valueRequired\":true,\"valueName\":\"search_term_string\"}}],\"inLanguage\":\"sv-SE\"},{\"@type\":\"Organization\",\"@id\":\"https:\/\/octean.se\/senaste-nytt\/#organization\",\"name\":\"Octean AB\",\"url\":\"https:\/\/octean.se\/senaste-nytt\/\",\"logo\":{\"@type\":\"ImageObject\",\"inLanguage\":\"sv-SE\",\"@id\":\"https:\/\/octean.se\/senaste-nytt\/#\/schema\/logo\/image\/\",\"url\":\"https:\/\/octean.se\/senaste-nytt\/wp-content\/uploads\/sites\/4\/2019\/04\/Octean-logo-sigill.png\",\"contentUrl\":\"https:\/\/octean.se\/senaste-nytt\/wp-content\/uploads\/sites\/4\/2019\/04\/Octean-logo-sigill.png\",\"width\":2116,\"height\":2592,\"caption\":\"Octean AB\"},\"image\":{\"@id\":\"https:\/\/octean.se\/senaste-nytt\/#\/schema\/logo\/image\/\"},\"sameAs\":[\"https:\/\/www.facebook.com\/Octean\/?fref=ts\",\"https:\/\/www.instagram.com\/octean_ab\/\"]},{\"@type\":\"Person\",\"@id\":\"https:\/\/octean.se\/senaste-nytt\/#\/schema\/person\/e0509ac2b2bfc08ed70805eaaf673203\",\"name\":\"olof\",\"image\":{\"@type\":\"ImageObject\",\"inLanguage\":\"sv-SE\",\"@id\":\"https:\/\/secure.gravatar.com\/avatar\/388fd00b04bd1d27e94d2916872a5a7a5e3a4d588154e86871c157776e993689?s=96&d=mm&r=g\",\"url\":\"https:\/\/secure.gravatar.com\/avatar\/388fd00b04bd1d27e94d2916872a5a7a5e3a4d588154e86871c157776e993689?s=96&d=mm&r=g\",\"contentUrl\":\"https:\/\/secure.gravatar.com\/avatar\/388fd00b04bd1d27e94d2916872a5a7a5e3a4d588154e86871c157776e993689?s=96&d=mm&r=g\",\"caption\":\"olof\"},\"url\":\"https:\/\/octean.se\/senaste-nytt\/author\/olof\/\"}]}<\/script>\n<!-- \/ Yoast SEO plugin. -->","yoast_head_json":{"title":"Vad \u00e4r pigmentfl\u00e4ckar? Tips och r\u00e5d &#183; Octean","description":"Pigmentfl\u00e4ckar \u00e4r m\u00f6rkare partier i huden som oftast uppst\u00e5r av sol, hormoner eller hudens naturliga \u00e5ldrande. H\u00e4r f\u00e5r du veta varf\u00f6r de uppst\u00e5r och vad du kan g\u00f6ra f\u00f6r att f\u00f6rebygga eller j\u00e4mna ut dem.","robots":{"index":"index","follow":"follow","max-snippet":"max-snippet:-1","max-image-preview":"max-image-preview:large","max-video-preview":"max-video-preview:-1"},"canonical":"https:\/\/octean.se\/senaste-nytt\/vad-ar-pigmentflackar\/","og_locale":"sv_SE","og_type":"article","og_title":"Vad \u00e4r pigmentfl\u00e4ckar? Tips och r\u00e5d &#183; Octean","og_description":"Pigmentfl\u00e4ckar \u00e4r m\u00f6rkare partier i huden som oftast uppst\u00e5r av sol, hormoner eller hudens naturliga \u00e5ldrande. H\u00e4r f\u00e5r du veta varf\u00f6r de uppst\u00e5r och vad du kan g\u00f6ra f\u00f6r att f\u00f6rebygga eller j\u00e4mna ut dem.","og_url":"https:\/\/octean.se\/senaste-nytt\/vad-ar-pigmentflackar\/","og_site_name":"Blogg f\u00f6r Octean","article_publisher":"https:\/\/www.facebook.com\/Octean\/?fref=ts","article_published_time":"2025-10-30T14:58:09+00:00","article_modified_time":"2025-10-31T11:09:16+00:00","og_image":[{"width":1000,"height":533,"url":"https:\/\/octean.se\/senaste-nytt\/wp-content\/uploads\/sites\/4\/2025\/10\/kvinna-glad-i-naturen.jpg","type":"image\/jpeg"}],"author":"olof","twitter_card":"summary_large_image","twitter_misc":{"Skriven av":"olof","Ber\u00e4knad l\u00e4stid":"11 minuter"},"schema":{"@context":"https:\/\/schema.org","@graph":[{"@type":"Article","@id":"https:\/\/octean.se\/senaste-nytt\/vad-ar-pigmentflackar\/#article","isPartOf":{"@id":"https:\/\/octean.se\/senaste-nytt\/vad-ar-pigmentflackar\/"},"author":{"name":"olof","@id":"https:\/\/octean.se\/senaste-nytt\/#\/schema\/person\/e0509ac2b2bfc08ed70805eaaf673203"},"headline":"Vad \u00e4r pigmentfl\u00e4ckar? Tips och r\u00e5d","datePublished":"2025-10-30T14:58:09+00:00","dateModified":"2025-10-31T11:09:16+00:00","mainEntityOfPage":{"@id":"https:\/\/octean.se\/senaste-nytt\/vad-ar-pigmentflackar\/"},"wordCount":2632,"commentCount":0,"publisher":{"@id":"https:\/\/octean.se\/senaste-nytt\/#organization"},"image":{"@id":"https:\/\/octean.se\/senaste-nytt\/vad-ar-pigmentflackar\/#primaryimage"},"thumbnailUrl":"https:\/\/octean.se\/senaste-nytt\/wp-content\/uploads\/sites\/4\/2025\/10\/kvinna-glad-i-naturen.jpg","articleSection":["Blogg","Hudv\u00e5rd"],"inLanguage":"sv-SE","potentialAction":[{"@type":"CommentAction","name":"Comment","target":["https:\/\/octean.se\/senaste-nytt\/vad-ar-pigmentflackar\/#respond"]}]},{"@type":"WebPage","@id":"https:\/\/octean.se\/senaste-nytt\/vad-ar-pigmentflackar\/","url":"https:\/\/octean.se\/senaste-nytt\/vad-ar-pigmentflackar\/","name":"Vad \u00e4r pigmentfl\u00e4ckar? Tips och r\u00e5d &#183; Octean","isPartOf":{"@id":"https:\/\/octean.se\/senaste-nytt\/#website"},"primaryImageOfPage":{"@id":"https:\/\/octean.se\/senaste-nytt\/vad-ar-pigmentflackar\/#primaryimage"},"image":{"@id":"https:\/\/octean.se\/senaste-nytt\/vad-ar-pigmentflackar\/#primaryimage"},"thumbnailUrl":"https:\/\/octean.se\/senaste-nytt\/wp-content\/uploads\/sites\/4\/2025\/10\/kvinna-glad-i-naturen.jpg","datePublished":"2025-10-30T14:58:09+00:00","dateModified":"2025-10-31T11:09:16+00:00","description":"Pigmentfl\u00e4ckar \u00e4r m\u00f6rkare partier i huden som oftast uppst\u00e5r av sol, hormoner eller hudens naturliga \u00e5ldrande. H\u00e4r f\u00e5r du veta varf\u00f6r de uppst\u00e5r och vad du kan g\u00f6ra f\u00f6r att f\u00f6rebygga eller j\u00e4mna ut dem.","breadcrumb":{"@id":"https:\/\/octean.se\/senaste-nytt\/vad-ar-pigmentflackar\/#breadcrumb"},"inLanguage":"sv-SE","potentialAction":[{"@type":"ReadAction","target":["https:\/\/octean.se\/senaste-nytt\/vad-ar-pigmentflackar\/"]}]},{"@type":"ImageObject","inLanguage":"sv-SE","@id":"https:\/\/octean.se\/senaste-nytt\/vad-ar-pigmentflackar\/#primaryimage","url":"https:\/\/octean.se\/senaste-nytt\/wp-content\/uploads\/sites\/4\/2025\/10\/kvinna-glad-i-naturen.jpg","contentUrl":"https:\/\/octean.se\/senaste-nytt\/wp-content\/uploads\/sites\/4\/2025\/10\/kvinna-glad-i-naturen.jpg","width":1000,"height":533},{"@type":"BreadcrumbList","@id":"https:\/\/octean.se\/senaste-nytt\/vad-ar-pigmentflackar\/#breadcrumb","itemListElement":[{"@type":"ListItem","position":1,"name":"Hem","item":"https:\/\/octean.se\/senaste-nytt\/"},{"@type":"ListItem","position":2,"name":"Vad \u00e4r pigmentfl\u00e4ckar? Tips och r\u00e5d"}]},{"@type":"WebSite","@id":"https:\/\/octean.se\/senaste-nytt\/#website","url":"https:\/\/octean.se\/senaste-nytt\/","name":"Blogg f\u00f6r Octean","description":"Tips och id\u00e9er","publisher":{"@id":"https:\/\/octean.se\/senaste-nytt\/#organization"},"potentialAction":[{"@type":"SearchAction","target":{"@type":"EntryPoint","urlTemplate":"https:\/\/octean.se\/senaste-nytt\/?s={search_term_string}"},"query-input":{"@type":"PropertyValueSpecification","valueRequired":true,"valueName":"search_term_string"}}],"inLanguage":"sv-SE"},{"@type":"Organization","@id":"https:\/\/octean.se\/senaste-nytt\/#organization","name":"Octean AB","url":"https:\/\/octean.se\/senaste-nytt\/","logo":{"@type":"ImageObject","inLanguage":"sv-SE","@id":"https:\/\/octean.se\/senaste-nytt\/#\/schema\/logo\/image\/","url":"https:\/\/octean.se\/senaste-nytt\/wp-content\/uploads\/sites\/4\/2019\/04\/Octean-logo-sigill.png","contentUrl":"https:\/\/octean.se\/senaste-nytt\/wp-content\/uploads\/sites\/4\/2019\/04\/Octean-logo-sigill.png","width":2116,"height":2592,"caption":"Octean AB"},"image":{"@id":"https:\/\/octean.se\/senaste-nytt\/#\/schema\/logo\/image\/"},"sameAs":["https:\/\/www.facebook.com\/Octean\/?fref=ts","https:\/\/www.instagram.com\/octean_ab\/"]},{"@type":"Person","@id":"https:\/\/octean.se\/senaste-nytt\/#\/schema\/person\/e0509ac2b2bfc08ed70805eaaf673203","name":"olof","image":{"@type":"ImageObject","inLanguage":"sv-SE","@id":"https:\/\/secure.gravatar.com\/avatar\/388fd00b04bd1d27e94d2916872a5a7a5e3a4d588154e86871c157776e993689?s=96&d=mm&r=g","url":"https:\/\/secure.gravatar.com\/avatar\/388fd00b04bd1d27e94d2916872a5a7a5e3a4d588154e86871c157776e993689?s=96&d=mm&r=g","contentUrl":"https:\/\/secure.gravatar.com\/avatar\/388fd00b04bd1d27e94d2916872a5a7a5e3a4d588154e86871c157776e993689?s=96&d=mm&r=g","caption":"olof"},"url":"https:\/\/octean.se\/senaste-nytt\/author\/olof\/"}]}},"_links":{"self":[{"href":"https:\/\/octean.se\/senaste-nytt\/wp-json\/wp\/v2\/posts\/16474","targetHints":{"allow":["GET"]}}],"collection":[{"href":"https:\/\/octean.se\/senaste-nytt\/wp-json\/wp\/v2\/posts"}],"about":[{"href":"https:\/\/octean.se\/senaste-nytt\/wp-json\/wp\/v2\/types\/post"}],"author":[{"embeddable":true,"href":"https:\/\/octean.se\/senaste-nytt\/wp-json\/wp\/v2\/users\/162"}],"replies":[{"embeddable":true,"href":"https:\/\/octean.se\/senaste-nytt\/wp-json\/wp\/v2\/comments?post=16474"}],"version-history":[{"count":20,"href":"https:\/\/octean.se\/senaste-nytt\/wp-json\/wp\/v2\/posts\/16474\/revisions"}],"predecessor-version":[{"id":16497,"href":"https:\/\/octean.se\/senaste-nytt\/wp-json\/wp\/v2\/posts\/16474\/revisions\/16497"}],"wp:featuredmedia":[{"embeddable":true,"href":"https:\/\/octean.se\/senaste-nytt\/wp-json\/wp\/v2\/media\/16476"}],"wp:attachment":[{"href":"https:\/\/octean.se\/senaste-nytt\/wp-json\/wp\/v2\/media?parent=16474"}],"wp:term":[{"taxonomy":"category","embeddable":true,"href":"https:\/\/octean.se\/senaste-nytt\/wp-json\/wp\/v2\/categories?post=16474"},{"taxonomy":"post_tag","embeddable":true,"href":"https:\/\/octean.se\/senaste-nytt\/wp-json\/wp\/v2\/tags?post=16474"}],"curies":[{"name":"wp","href":"https:\/\/api.w.org\/{rel}","templated":true}]}}